{"id":4254,"date":"2023-08-16T08:41:52","date_gmt":"2023-08-16T05:41:52","guid":{"rendered":"https:\/\/kalendarz.su\/?p=4254"},"modified":"2026-03-03T14:18:10","modified_gmt":"2026-03-03T11:18:10","slug":"kalendarz-1933","status":"publish","type":"post","link":"https:\/\/kalendarz.su\/?p=4254","title":{"rendered":"Kalendarz 1933"},"content":{"rendered":"\n<p class=\"wp-block-paragraph\">Kalendarz 1933 to niezast\u0105pione narz\u0119dzie, dzi\u0119ki kt\u00f3remu mo\u017cna precyzyjnie okre\u015bli\u0107, w kt\u00f3rym dniu tygodnia odbywa\u0142y si\u0119 lub b\u0119d\u0105 odbywa\u0107 wa\u017cne wydarzenia, takie jak urodziny, rocznice czy inne uroczyste daty. Dzi\u0119ki zestawieniu kalendarza rocznego i miesi\u0119cznego u\u017cytkownik mo\u017ce odtworzy\u0107 struktur\u0119 roku 1933, co jest szczeg\u00f3lnie cenne dla badaczy genealogii, historyk\u00f3w oraz os\u00f3b dokumentuj\u0105cych rodzinne tradycje.<\/p>\n\n\n\n<p class=\"wp-block-paragraph\"><strong>Prezentacja kalendarza 1933<\/strong><br>Kalendarz 1933 zosta\u0142 zaprojektowany z my\u015bl\u0105 o maksymalnej przejrzysto\u015bci i \u0142atwo\u015bci u\u017cytkowania. Jego roczna cz\u0119\u015b\u0107 prezentuje komplet dwunastu miesi\u0119cy w jednym widoku, pozwalaj\u0105c na szybkie rozeznanie si\u0119 w ca\u0142orocznym uk\u0142adzie czasu. Dodatkowo, ka\u017cdy miesi\u0105c jest przedstawiony w formie czytelnej siatki, gdzie poszczeg\u00f3lne dni tygodnia \u2013 od poniedzia\u0142ku do niedzieli \u2013 s\u0105 wyra\u017anie oznaczone. Takie po\u0142\u0105czenie u\u0142atwia odnalezienie interesuj\u0105cych dat i umo\u017cliwia dok\u0142adne ustalenie, czy na przyk\u0142ad urodziny obchodzone by\u0142y w pi\u0105tek, czy w sobot\u0119.<\/p>\n\n\n\n<p class=\"wp-block-paragraph\"><strong>Funkcje i zalety<\/strong><br>Kalendarz 1933 posiada wiele funkcjonalno\u015bci, kt\u00f3re czyni\u0105 go cennym narz\u0119dziem do bada\u0144 i dokumentacji:<\/p>\n\n\n\n<ul class=\"wp-block-list\">\n<li><strong>Dok\u0142adno\u015b\u0107 oblicze\u0144:<\/strong> Precyzyjne metody obliczeniowe gwarantuj\u0105, \u017ce ka\u017cda data zosta\u0142a poprawnie przypisana do odpowiedniego dnia tygodnia.<\/li>\n\n\n\n<li><strong>Przejrzysta struktura:<\/strong> Rozdzielenie kalendarza na cz\u0119\u015b\u0107 roczn\u0105 i miesi\u0119czn\u0105 umo\u017cliwia szybkie odnalezienie potrzebnych informacji, co oszcz\u0119dza czas oraz u\u0142atwia analiz\u0119 historycznych danych.<\/li>\n\n\n\n<li><strong>Warto\u015b\u0107 edukacyjna:<\/strong> Poznanie sposobu organizacji czasu w 1933 roku dostarcza cennych informacji o realiach \u017cycia w okresie mi\u0119dzywojennym i pomaga zrozumie\u0107 ewolucj\u0119 systemu kalendarzowego.<\/li>\n\n\n\n<li><strong>Uniwersalno\u015b\u0107 zastosowa\u0144:<\/strong> Narz\u0119dzie to sprawdza si\u0119 w badaniach genealogicznych, przy rekonstrukcjach historycznych, a tak\u017ce jako materia\u0142 dydaktyczny przy nauce historii i kultury.<\/li>\n<\/ul>\n\n\n\n<p class=\"wp-block-paragraph\"><strong>Zastosowanie kalendarza 1933<\/strong><br>Kalendarz 1933 znajduje szerokie zastosowanie w wielu dziedzinach:<\/p>\n\n\n\n<ul class=\"wp-block-list\">\n<li><strong>Badania genealogiczne:<\/strong> Dla os\u00f3b zajmuj\u0105cych si\u0119 histori\u0105 rodziny, mo\u017cliwo\u015b\u0107 ustalenia, w kt\u00f3rym dniu tygodnia mia\u0142y miejsce urodziny, \u015bluby czy rocznice, jest kluczowa przy tworzeniu dok\u0142adnych drzew genealogicznych i weryfikacji historycznych zapis\u00f3w.<\/li>\n\n\n\n<li><strong>Dokumentacja rodzinnych wydarze\u0144:<\/strong> Stare fotografie, dokumenty i pami\u0105tki mog\u0105 zosta\u0107 wzbogacone o informacj\u0119, jaki dzie\u0144 tygodnia towarzyszy\u0142 wa\u017cnym momentom, co nadaje im dodatkowy kontekst i autentyczno\u015b\u0107.<\/li>\n\n\n\n<li><strong>Rekonstrukcje historyczne:<\/strong> Muzea, instytucje kultury i wystawcy tematycznych ekspozycji wykorzystuj\u0105 kalendarz 1933 do odtwarzania atmosfery i sposobu \u017cycia w okresie mi\u0119dzywojennym, prezentuj\u0105c oryginalny uk\u0142ad dni tygodnia.<\/li>\n\n\n\n<li><strong>Edukacja:<\/strong> Kalendarz stanowi doskona\u0142y materia\u0142 dydaktyczny, kt\u00f3ry pomaga uczniom i studentom pozna\u0107 zasady dzia\u0142ania systemu kalendarzowego oraz zmiany w organizacji czasu, jakie zasz\u0142y na przestrzeni lat.<\/li>\n<\/ul>\n\n\n\n<figure class=\"wp-block-image aligncenter\"><a href=\"https:\/\/kalendarz.su\/wp-content\/uploads\/2023\/08\/kalendarz-1933.pdf\" target=\"_blank\" rel=\"noopener\"><img decoding=\"async\" src=\"https:\/\/kalendarz.su\/wp-content\/uploads\/2023\/08\/kalendarz-1933.webp\" alt=\"\" class=\"wp-image-3550\"\/><\/a><\/figure>\n\n\n\n<p class=\"wp-block-paragraph\"><\/p>\n\n\n\n<h3 class=\"wp-block-heading\">Stycze\u0144 1933<\/h3>\n\n\n\n<figure class=\"wp-block-image\"><a href=\"https:\/\/kalendarz.su\/wp-content\/uploads\/2023\/08\/styczen-1933.pdf\" target=\"_blank\" rel=\"noopener\"><img decoding=\"async\" src=\"https:\/\/kalendarz.su\/wp-content\/uploads\/2023\/08\/styczen-1933.webp\" alt=\"\" class=\"wp-image-2574\"\/><\/a><\/figure>\n\n\n\n<p class=\"wp-block-paragraph\"><\/p>\n\n\n\n<h3 class=\"wp-block-heading\">Luty 1933<\/h3>\n\n\n\n<figure class=\"wp-block-image aligncenter\"><a href=\"https:\/\/kalendarz.su\/wp-content\/uploads\/2023\/08\/luty-1933.pdf\" target=\"_blank\" rel=\"noopener\"><img decoding=\"async\" src=\"https:\/\/kalendarz.su\/wp-content\/uploads\/2023\/08\/luty-1933.webp\" alt=\"\" class=\"wp-image-2574\"\/><\/a><\/figure>\n\n\n\n<p class=\"wp-block-paragraph\"><\/p>\n\n\n\n<h3 class=\"wp-block-heading\">Marzec 1933<\/h3>\n\n\n\n<figure class=\"wp-block-image aligncenter\"><a href=\"https:\/\/kalendarz.su\/wp-content\/uploads\/2023\/08\/marzec-1933.pdf\" target=\"_blank\" rel=\"noopener\"><img decoding=\"async\" src=\"https:\/\/kalendarz.su\/wp-content\/uploads\/2023\/08\/marzec-1933.webp\" alt=\"\" class=\"wp-image-2574\"\/><\/a><\/figure>\n\n\n\n<p class=\"wp-block-paragraph\"><\/p>\n\n\n\n<h3 class=\"wp-block-heading\">Kwiecie\u0144 1933<\/h3>\n\n\n\n<figure class=\"wp-block-image aligncenter\"><a href=\"https:\/\/kalendarz.su\/wp-content\/uploads\/2023\/08\/kwiecien-1933.pdf\" target=\"_blank\" rel=\"noopener\"><img decoding=\"async\" src=\"https:\/\/kalendarz.su\/wp-content\/uploads\/2023\/08\/kwiecien-1933.webp\" alt=\"\" class=\"wp-image-2574\"\/><\/a><\/figure>\n\n\n\n<p class=\"wp-block-paragraph\"><\/p>\n\n\n\n<h3 class=\"wp-block-heading\">Maj 1933<\/h3>\n\n\n\n<figure class=\"wp-block-image aligncenter\"><a href=\"https:\/\/kalendarz.su\/wp-content\/uploads\/2023\/08\/maj-1933.pdf\" target=\"_blank\" rel=\"noopener\"><img decoding=\"async\" src=\"https:\/\/kalendarz.su\/wp-content\/uploads\/2023\/08\/maj-1933.webp\" alt=\"\" class=\"wp-image-2574\"\/><\/a><\/figure>\n\n\n\n<p class=\"wp-block-paragraph\"><\/p>\n\n\n\n<h3 class=\"wp-block-heading\">Czerwiec 1933<\/h3>\n\n\n\n<figure class=\"wp-block-image aligncenter\"><a href=\"https:\/\/kalendarz.su\/wp-content\/uploads\/2023\/08\/czerwiec-1933.pdf\" target=\"_blank\" rel=\"noopener\"><img decoding=\"async\" src=\"https:\/\/kalendarz.su\/wp-content\/uploads\/2023\/08\/czerwiec-1933.webp\" alt=\"\" class=\"wp-image-2574\"\/><\/a><\/figure>\n\n\n\n<p class=\"wp-block-paragraph\"><\/p>\n\n\n\n<h3 class=\"wp-block-heading\">Lipiec 1933<\/h3>\n\n\n\n<figure class=\"wp-block-image aligncenter\"><a href=\"https:\/\/kalendarz.su\/wp-content\/uploads\/2023\/08\/lipiec-1933.pdf\" target=\"_blank\" rel=\"noopener\"><img decoding=\"async\" src=\"https:\/\/kalendarz.su\/wp-content\/uploads\/2023\/08\/lipiec-1933.webp\" alt=\"\" class=\"wp-image-2574\"\/><\/a><\/figure>\n\n\n\n<p class=\"wp-block-paragraph\"><\/p>\n\n\n\n<h3 class=\"wp-block-heading\">Sierpie\u0144 1933<\/h3>\n\n\n\n<figure class=\"wp-block-image aligncenter\"><a href=\"https:\/\/kalendarz.su\/wp-content\/uploads\/2023\/08\/sierpien-1933.pdf\" target=\"_blank\" rel=\"noopener\"><img decoding=\"async\" src=\"https:\/\/kalendarz.su\/wp-content\/uploads\/2023\/08\/sierpien-1933.webp\" alt=\"\" class=\"wp-image-2574\"\/><\/a><\/figure>\n\n\n\n<p class=\"wp-block-paragraph\"><\/p>\n\n\n\n<h3 class=\"wp-block-heading\">Wrzesie\u0144 1933<\/h3>\n\n\n\n<figure class=\"wp-block-image aligncenter\"><a href=\"https:\/\/kalendarz.su\/wp-content\/uploads\/2023\/08\/wrzesien-1933.pdf\" target=\"_blank\" rel=\"noopener\"><img decoding=\"async\" src=\"https:\/\/kalendarz.su\/wp-content\/uploads\/2023\/08\/wrzesien-1933.webp\" alt=\"\" class=\"wp-image-2574\"\/><\/a><\/figure>\n\n\n\n<p class=\"wp-block-paragraph\"><\/p>\n\n\n\n<h3 class=\"wp-block-heading\">Pa\u017adziernik 1933<\/h3>\n\n\n\n<figure class=\"wp-block-image aligncenter\"><a href=\"https:\/\/kalendarz.su\/wp-content\/uploads\/2023\/08\/pazdziernik-1933.pdf\" target=\"_blank\" rel=\"noopener\"><img decoding=\"async\" src=\"https:\/\/kalendarz.su\/wp-content\/uploads\/2023\/08\/pazdziernik-1933.webp\" alt=\"\" class=\"wp-image-2574\"\/><\/a><\/figure>\n\n\n\n<p class=\"wp-block-paragraph\"><\/p>\n\n\n\n<h3 class=\"wp-block-heading\">Listopad 1933<\/h3>\n\n\n\n<figure class=\"wp-block-image aligncenter\"><a href=\"https:\/\/kalendarz.su\/wp-content\/uploads\/2023\/08\/listopad-1933.pdf\" target=\"_blank\" rel=\"noopener\"><img decoding=\"async\" src=\"https:\/\/kalendarz.su\/wp-content\/uploads\/2023\/08\/listopad-1933.webp\" alt=\"\" class=\"wp-image-2574\"\/><\/a><\/figure>\n\n\n\n<p class=\"wp-block-paragraph\"><\/p>\n\n\n\n<h3 class=\"wp-block-heading\">Grudzie\u0144 1933<\/h3>\n\n\n\n<figure class=\"wp-block-image aligncenter\"><a href=\"https:\/\/kalendarz.su\/wp-content\/uploads\/2023\/08\/grudzien-1933.pdf\" target=\"_blank\" rel=\"noopener\"><img decoding=\"async\" src=\"https:\/\/kalendarz.su\/wp-content\/uploads\/2023\/08\/grudzien-1933.webp\" alt=\"\" class=\"wp-image-2574\"\/><\/a><\/figure>\n\n\n\n<p class=\"wp-block-paragraph\"><\/p>\n\n\n\n<p class=\"wp-block-paragraph\">Kalendarz 1933 to kompleksowe narz\u0119dzie pozwalaj\u0105ce na precyzyjne ustalenie, w kt\u00f3rym dniu tygodnia odbywa\u0142y si\u0119 lub b\u0119d\u0105 odbywa\u0107 wa\u017cne wydarzenia. Jego przejrzysta struktura, oparta na zestawieniu kalendarza rocznego i szczeg\u00f3\u0142owych kalendarzy miesi\u0119cznych, umo\u017cliwia dog\u0142\u0119bn\u0105 analiz\u0119 przesz\u0142o\u015bci. Dzi\u0119ki temu narz\u0119dziu badacze genealogiczni, historycy i entuzja\u015bci historii mog\u0105 lepiej zrozumie\u0107 realia \u017cycia w 1933 roku oraz dokumentowa\u0107 i utrwala\u0107 tradycje rodzinne. Kalendarz 1933 stanowi cenne \u017ar\u00f3d\u0142o wiedzy o organizacji czasu w okresie mi\u0119dzywojennym oraz pomaga w odkrywaniu i interpretowaniu wydarze\u0144, kt\u00f3re kszta\u0142towa\u0142y \u017cycie naszych przodk\u00f3w.<\/p>\n","protected":false},"excerpt":{"rendered":"<p>Kalendarz 1933 to niezast\u0105pione narz\u0119dzie, dzi\u0119ki kt\u00f3remu mo\u017cna precyzyjnie okre\u015bli\u0107, w kt\u00f3rym dniu tygodnia odbywa\u0142y si\u0119 lub b\u0119d\u0105 odbywa\u0107 wa\u017cne wydarzenia, takie jak urodziny, rocznice czy inne uroczyste daty. Dzi\u0119ki zestawieniu kalendarza rocznego i miesi\u0119cznego u\u017cytkownik mo\u017ce odtworzy\u0107 struktur\u0119 roku 1933, co jest szczeg\u00f3lnie cenne dla badaczy genealogii, historyk\u00f3w oraz os\u00f3b dokumentuj\u0105cych rodzinne tradycje. Prezentacja [&hellip;]<\/p>\n","protected":false},"author":1,"featured_media":0,"comment_status":"open","ping_status":"closed","sticky":false,"template":"","format":"standard","meta":{"footnotes":""},"categories":[2],"tags":[],"class_list":["post-4254","post","type-post","status-publish","format-standard","hentry","category-roczny"],"_links":{"self":[{"href":"https:\/\/kalendarz.su\/index.php?rest_route=\/wp\/v2\/posts\/4254","targetHints":{"allow":["GET"]}}],"collection":[{"href":"https:\/\/kalendarz.su\/index.php?rest_route=\/wp\/v2\/posts"}],"about":[{"href":"https:\/\/kalendarz.su\/index.php?rest_route=\/wp\/v2\/types\/post"}],"author":[{"embeddable":true,"href":"https:\/\/kalendarz.su\/index.php?rest_route=\/wp\/v2\/users\/1"}],"replies":[{"embeddable":true,"href":"https:\/\/kalendarz.su\/index.php?rest_route=%2Fwp%2Fv2%2Fcomments&post=4254"}],"version-history":[{"count":2,"href":"https:\/\/kalendarz.su\/index.php?rest_route=\/wp\/v2\/posts\/4254\/revisions"}],"predecessor-version":[{"id":7352,"href":"https:\/\/kalendarz.su\/index.php?rest_route=\/wp\/v2\/posts\/4254\/revisions\/7352"}],"wp:attachment":[{"href":"https:\/\/kalendarz.su\/index.php?rest_route=%2Fwp%2Fv2%2Fmedia&parent=4254"}],"wp:term":[{"taxonomy":"category","embeddable":true,"href":"https:\/\/kalendarz.su\/index.php?rest_route=%2Fwp%2Fv2%2Fcategories&post=4254"},{"taxonomy":"post_tag","embeddable":true,"href":"https:\/\/kalendarz.su\/index.php?rest_route=%2Fwp%2Fv2%2Ftags&post=4254"}],"curies":[{"name":"wp","href":"https:\/\/api.w.org\/{rel}","templated":true}]}}