{"id":4157,"date":"2023-08-15T22:11:57","date_gmt":"2023-08-15T19:11:57","guid":{"rendered":"https:\/\/kalendarz.su\/?p=4157"},"modified":"2026-03-03T14:18:11","modified_gmt":"2026-03-03T11:18:11","slug":"kalendarz-1913","status":"publish","type":"post","link":"https:\/\/kalendarz.su\/?p=4157","title":{"rendered":"Kalendarz 1913"},"content":{"rendered":"\n<p class=\"wp-block-paragraph\"><br>Kalendarz 1913 to wyj\u0105tkowe narz\u0119dzie, kt\u00f3re pozwala na odtworzenie przesz\u0142orocznego uk\u0142adu dni w tygodniu, umo\u017cliwiaj\u0105c ustalenie, w kt\u00f3rym dniu tygodnia przypada\u0142y lub przypadaj\u0105 urodziny, rocznice oraz inne wa\u017cne wydarzenia. Dzi\u0119ki zestawieniu kalendarzy rocznych oraz miesi\u0119cznych, mo\u017cna z \u0142atwo\u015bci\u0105 zrekonstruowa\u0107, jak wygl\u0105da\u0142a organizacja czasu na pocz\u0105tku XX wieku, co jest szczeg\u00f3lnie cenne dla badaczy genealogii, historyk\u00f3w oraz os\u00f3b pragn\u0105cych zg\u0142\u0119bi\u0107 losy swoich przodk\u00f3w.<\/p>\n\n\n\n<p class=\"wp-block-paragraph\"><strong>Prezentacja kalendarza 1913<\/strong><br>Kalendarz z roku 1913 zosta\u0142 opracowany z my\u015bl\u0105 o zachowaniu maksymalnej przejrzysto\u015bci i \u0142atwo\u015bci u\u017cytkowania. Jego roczna cz\u0119\u015b\u0107 przedstawia pe\u0142ny rozk\u0142ad miesi\u0119cy, co pozwala w jednym spojrzeniu zobaczy\u0107 ca\u0142\u0105 struktur\u0119 roku. Z kolei cz\u0119\u015b\u0107 miesi\u0119czna prezentuje szczeg\u00f3\u0142owe siatki poszczeg\u00f3lnych miesi\u0119cy, gdzie ka\u017cdy dzie\u0144 tygodnia jest wyra\u017anie oznaczony. Takie zestawienie umo\u017cliwia u\u017cytkownikowi szybkie ustalenie, czy wa\u017cne wydarzenie mia\u0142o miejsce w poniedzia\u0142ek, \u015brod\u0119 czy inny dzie\u0144 tygodnia.<\/p>\n\n\n\n<p class=\"wp-block-paragraph\"><strong>Funkcje i zalety<\/strong><br>Kalendarz 1913 oferuje wiele przydatnych funkcji i zalet, kt\u00f3re czyni\u0105 go niezast\u0105pionym narz\u0119dziem:<\/p>\n\n\n\n<ul class=\"wp-block-list\">\n<li><strong>Precyzyjne ustalanie dni tygodnia:<\/strong> Dzi\u0119ki dok\u0142adnym obliczeniom, mo\u017cliwe jest ustalenie, w kt\u00f3ry konkretnie dzie\u0144 tygodnia przypad\u0142a dowolna data.<\/li>\n\n\n\n<li><strong>\u0141atwo\u015b\u0107 odczytu i por\u00f3wnania:<\/strong> Przejrzysta struktura kalendarza sprawia, \u017ce nawet przy szybkim przegl\u0105daniu mo\u017cna bez trudu znale\u017a\u0107 poszukiwane daty i por\u00f3wna\u0107 je mi\u0119dzy sob\u0105.<\/li>\n\n\n\n<li><strong>Warto\u015b\u0107 historyczno-edukacyjna:<\/strong> Kalendarz z 1913 roku pozwala zrozumie\u0107, jak dawniej funkcjonowa\u0142a organizacja czasu, co mo\u017ce by\u0107 inspiracj\u0105 zar\u00f3wno dla uczni\u00f3w, jak i do\u015bwiadczonych badaczy historii.<\/li>\n\n\n\n<li><strong>U\u017cyteczno\u015b\u0107 genealogiczna:<\/strong> Dla os\u00f3b zajmuj\u0105cych si\u0119 badaniami nad rodzin\u0105, mo\u017cliwo\u015b\u0107 dok\u0142adnego okre\u015blenia dnia tygodnia, w kt\u00f3rym odby\u0142y si\u0119 wa\u017cne uroczysto\u015bci, jest nieocenionym \u017ar\u00f3d\u0142em informacji przy tworzeniu drzew genealogicznych.<\/li>\n<\/ul>\n\n\n\n<p class=\"wp-block-paragraph\"><strong>Zastosowanie kalendarza 1913<\/strong><br>Kalendarz 1913 znajduje szerokie zastosowanie w r\u00f3\u017cnych dziedzinach:<\/p>\n\n\n\n<ul class=\"wp-block-list\">\n<li><strong>Badania genealogiczne:<\/strong> Dla os\u00f3b pragn\u0105cych zbada\u0107 histori\u0119 swojej rodziny, kalendarz pozwala na weryfikacj\u0119 dat urodzin, \u015blub\u00f3w, rocznic i innych rodzinnych wydarze\u0144, dostarczaj\u0105c cennych kontekst\u00f3w czasowych.<\/li>\n\n\n\n<li><strong>Rekonstrukcje historyczne:<\/strong> Instytucje kulturalne i muzealne wykorzystuj\u0105 ten kalendarz jako materia\u0142 \u017ar\u00f3d\u0142owy, pomagaj\u0105cy odtworzy\u0107 codzienno\u015b\u0107 i organizacj\u0119 czasu w okresie sprzed ponad wieku.<\/li>\n\n\n\n<li><strong>Edukacja:<\/strong> Kalendarz 1913 stanowi doskona\u0142e narz\u0119dzie dydaktyczne, kt\u00f3re pozwala uczniom lepiej zrozumie\u0107, jak wygl\u0105da\u0142a organizacja dnia w przesz\u0142o\u015bci oraz jakie zmiany zasz\u0142y na przestrzeni lat.<\/li>\n\n\n\n<li><strong>Dokumentacja wydarze\u0144:<\/strong> Dla os\u00f3b archiwizuj\u0105cych starsze dokumenty lub zdj\u0119cia, kalendarz ten umo\u017cliwia precyzyjne ustalenie, w jaki dzie\u0144 tygodnia przypada\u0142y zapisane wydarzenia, co wzbogaca ich warto\u015b\u0107 historyczn\u0105.<\/li>\n<\/ul>\n\n\n\n<figure class=\"wp-block-image aligncenter\"><a href=\"https:\/\/kalendarz.su\/wp-content\/uploads\/2023\/08\/kalendarz-1913.pdf\" target=\"_blank\" rel=\"noopener\"><img decoding=\"async\" src=\"https:\/\/kalendarz.su\/wp-content\/uploads\/2023\/08\/kalendarz-1913.webp\" alt=\"\" class=\"wp-image-3550\"\/><\/a><\/figure>\n\n\n\n<p class=\"wp-block-paragraph\"><\/p>\n\n\n\n<h3 class=\"wp-block-heading\">Stycze\u0144 1913<\/h3>\n\n\n\n<figure class=\"wp-block-image\"><a href=\"https:\/\/kalendarz.su\/wp-content\/uploads\/2023\/08\/styczen-1913.pdf\" target=\"_blank\" rel=\"noopener\"><img decoding=\"async\" src=\"https:\/\/kalendarz.su\/wp-content\/uploads\/2023\/08\/styczen-1913.webp\" alt=\"\" class=\"wp-image-2574\"\/><\/a><\/figure>\n\n\n\n<p class=\"wp-block-paragraph\"><\/p>\n\n\n\n<h3 class=\"wp-block-heading\">Luty 1913<\/h3>\n\n\n\n<figure class=\"wp-block-image aligncenter\"><a href=\"https:\/\/kalendarz.su\/wp-content\/uploads\/2023\/08\/luty-1913.pdf\" target=\"_blank\" rel=\"noopener\"><img decoding=\"async\" src=\"https:\/\/kalendarz.su\/wp-content\/uploads\/2023\/08\/luty-1913.webp\" alt=\"\" class=\"wp-image-2574\"\/><\/a><\/figure>\n\n\n\n<p class=\"wp-block-paragraph\"><\/p>\n\n\n\n<h3 class=\"wp-block-heading\">Marzec 1913<\/h3>\n\n\n\n<figure class=\"wp-block-image aligncenter\"><a href=\"https:\/\/kalendarz.su\/wp-content\/uploads\/2023\/08\/marzec-1913.pdf\" target=\"_blank\" rel=\"noopener\"><img decoding=\"async\" src=\"https:\/\/kalendarz.su\/wp-content\/uploads\/2023\/08\/marzec-1913.webp\" alt=\"\" class=\"wp-image-2574\"\/><\/a><\/figure>\n\n\n\n<p class=\"wp-block-paragraph\"><\/p>\n\n\n\n<h3 class=\"wp-block-heading\">Kwiecie\u0144 1913<\/h3>\n\n\n\n<figure class=\"wp-block-image aligncenter\"><a href=\"https:\/\/kalendarz.su\/wp-content\/uploads\/2023\/08\/kwiecien-1913.pdf\" target=\"_blank\" rel=\"noopener\"><img decoding=\"async\" src=\"https:\/\/kalendarz.su\/wp-content\/uploads\/2023\/08\/kwiecien-1913.webp\" alt=\"\" class=\"wp-image-2574\"\/><\/a><\/figure>\n\n\n\n<p class=\"wp-block-paragraph\"><\/p>\n\n\n\n<h3 class=\"wp-block-heading\">Maj 1913<\/h3>\n\n\n\n<figure class=\"wp-block-image aligncenter\"><a href=\"https:\/\/kalendarz.su\/wp-content\/uploads\/2023\/08\/maj-1913.pdf\" target=\"_blank\" rel=\"noopener\"><img decoding=\"async\" src=\"https:\/\/kalendarz.su\/wp-content\/uploads\/2023\/08\/maj-1913.webp\" alt=\"\" class=\"wp-image-2574\"\/><\/a><\/figure>\n\n\n\n<p class=\"wp-block-paragraph\"><\/p>\n\n\n\n<h3 class=\"wp-block-heading\">Czerwiec 1913<\/h3>\n\n\n\n<figure class=\"wp-block-image aligncenter\"><a href=\"https:\/\/kalendarz.su\/wp-content\/uploads\/2023\/08\/czerwiec-1913.pdf\" target=\"_blank\" rel=\"noopener\"><img decoding=\"async\" src=\"https:\/\/kalendarz.su\/wp-content\/uploads\/2023\/08\/czerwiec-1913.webp\" alt=\"\" class=\"wp-image-2574\"\/><\/a><\/figure>\n\n\n\n<p class=\"wp-block-paragraph\"><\/p>\n\n\n\n<h3 class=\"wp-block-heading\">Lipiec 1913<\/h3>\n\n\n\n<figure class=\"wp-block-image aligncenter\"><a href=\"https:\/\/kalendarz.su\/wp-content\/uploads\/2023\/08\/lipiec-1913.pdf\" target=\"_blank\" rel=\"noopener\"><img decoding=\"async\" src=\"https:\/\/kalendarz.su\/wp-content\/uploads\/2023\/08\/lipiec-1913.webp\" alt=\"\" class=\"wp-image-2574\"\/><\/a><\/figure>\n\n\n\n<p class=\"wp-block-paragraph\"><\/p>\n\n\n\n<h3 class=\"wp-block-heading\">Sierpie\u0144 1913<\/h3>\n\n\n\n<figure class=\"wp-block-image aligncenter\"><a href=\"https:\/\/kalendarz.su\/wp-content\/uploads\/2023\/08\/sierpien-1913.pdf\" target=\"_blank\" rel=\"noopener\"><img decoding=\"async\" src=\"https:\/\/kalendarz.su\/wp-content\/uploads\/2023\/08\/sierpien-1913.webp\" alt=\"\" class=\"wp-image-2574\"\/><\/a><\/figure>\n\n\n\n<p class=\"wp-block-paragraph\"><\/p>\n\n\n\n<h3 class=\"wp-block-heading\">Wrzesie\u0144 1913<\/h3>\n\n\n\n<figure class=\"wp-block-image aligncenter\"><a href=\"https:\/\/kalendarz.su\/wp-content\/uploads\/2023\/08\/wrzesien-1913.pdf\" target=\"_blank\" rel=\"noopener\"><img decoding=\"async\" src=\"https:\/\/kalendarz.su\/wp-content\/uploads\/2023\/08\/wrzesien-1913.webp\" alt=\"\" class=\"wp-image-2574\"\/><\/a><\/figure>\n\n\n\n<p class=\"wp-block-paragraph\"><\/p>\n\n\n\n<h3 class=\"wp-block-heading\">Pa\u017adziernik 1913<\/h3>\n\n\n\n<figure class=\"wp-block-image aligncenter\"><a href=\"https:\/\/kalendarz.su\/wp-content\/uploads\/2023\/08\/pazdziernik-1913.pdf\" target=\"_blank\" rel=\"noopener\"><img decoding=\"async\" src=\"https:\/\/kalendarz.su\/wp-content\/uploads\/2023\/08\/pazdziernik-1913.webp\" alt=\"\" class=\"wp-image-2574\"\/><\/a><\/figure>\n\n\n\n<p class=\"wp-block-paragraph\"><\/p>\n\n\n\n<h3 class=\"wp-block-heading\">Listopad 1913<\/h3>\n\n\n\n<figure class=\"wp-block-image aligncenter\"><a href=\"https:\/\/kalendarz.su\/wp-content\/uploads\/2023\/08\/listopad-1913.pdf\" target=\"_blank\" rel=\"noopener\"><img decoding=\"async\" src=\"https:\/\/kalendarz.su\/wp-content\/uploads\/2023\/08\/listopad-1913.webp\" alt=\"\" class=\"wp-image-2574\"\/><\/a><\/figure>\n\n\n\n<p class=\"wp-block-paragraph\"><\/p>\n\n\n\n<h3 class=\"wp-block-heading\">Grudzie\u0144 1913<\/h3>\n\n\n\n<figure class=\"wp-block-image aligncenter\"><a href=\"https:\/\/kalendarz.su\/wp-content\/uploads\/2023\/08\/grudzien-1913.pdf\" target=\"_blank\" rel=\"noopener\"><img decoding=\"async\" src=\"https:\/\/kalendarz.su\/wp-content\/uploads\/2023\/08\/grudzien-1913.webp\" alt=\"\" class=\"wp-image-2574\"\/><\/a><\/figure>\n\n\n\n<p class=\"wp-block-paragraph\"><\/p>\n\n\n\n<p class=\"wp-block-paragraph\">Kalendarz 1913 to nie tylko zestaw dat, ale r\u00f3wnie\u017c klucz do odtworzenia organizacji czasu sprzed ponad stu lat. Jego precyzyjna struktura oparta na kalendarzach rocznych i miesi\u0119cznych umo\u017cliwia dok\u0142adne ustalenie, w kt\u00f3rym dniu tygodnia obchodzono urodziny, rocznice oraz inne wa\u017cne wydarzenia. Dzi\u0119ki niemu badacze, genealogowie i mi\u0142o\u015bnicy historii mog\u0105 z wi\u0119ksz\u0105 dok\u0142adno\u015bci\u0105 rekonstruowa\u0107 przesz\u0142o\u015b\u0107, doceniaj\u0105c jednocze\u015bnie, jak wiele zmieni\u0142o si\u0119 w sposobie planowania \u017cycia na przestrzeni lat.<\/p>\n","protected":false},"excerpt":{"rendered":"<p>Kalendarz 1913 to wyj\u0105tkowe narz\u0119dzie, kt\u00f3re pozwala na odtworzenie przesz\u0142orocznego uk\u0142adu dni w tygodniu, umo\u017cliwiaj\u0105c ustalenie, w kt\u00f3rym dniu tygodnia przypada\u0142y lub przypadaj\u0105 urodziny, rocznice oraz inne wa\u017cne wydarzenia. Dzi\u0119ki zestawieniu kalendarzy rocznych oraz miesi\u0119cznych, mo\u017cna z \u0142atwo\u015bci\u0105 zrekonstruowa\u0107, jak wygl\u0105da\u0142a organizacja czasu na pocz\u0105tku XX wieku, co jest szczeg\u00f3lnie cenne dla badaczy genealogii, historyk\u00f3w [&hellip;]<\/p>\n","protected":false},"author":1,"featured_media":0,"comment_status":"open","ping_status":"closed","sticky":false,"template":"","format":"standard","meta":{"footnotes":""},"categories":[2],"tags":[],"class_list":["post-4157","post","type-post","status-publish","format-standard","hentry","category-roczny"],"_links":{"self":[{"href":"https:\/\/kalendarz.su\/index.php?rest_route=\/wp\/v2\/posts\/4157","targetHints":{"allow":["GET"]}}],"collection":[{"href":"https:\/\/kalendarz.su\/index.php?rest_route=\/wp\/v2\/posts"}],"about":[{"href":"https:\/\/kalendarz.su\/index.php?rest_route=\/wp\/v2\/types\/post"}],"author":[{"embeddable":true,"href":"https:\/\/kalendarz.su\/index.php?rest_route=\/wp\/v2\/users\/1"}],"replies":[{"embeddable":true,"href":"https:\/\/kalendarz.su\/index.php?rest_route=%2Fwp%2Fv2%2Fcomments&post=4157"}],"version-history":[{"count":2,"href":"https:\/\/kalendarz.su\/index.php?rest_route=\/wp\/v2\/posts\/4157\/revisions"}],"predecessor-version":[{"id":7339,"href":"https:\/\/kalendarz.su\/index.php?rest_route=\/wp\/v2\/posts\/4157\/revisions\/7339"}],"wp:attachment":[{"href":"https:\/\/kalendarz.su\/index.php?rest_route=%2Fwp%2Fv2%2Fmedia&parent=4157"}],"wp:term":[{"taxonomy":"category","embeddable":true,"href":"https:\/\/kalendarz.su\/index.php?rest_route=%2Fwp%2Fv2%2Fcategories&post=4157"},{"taxonomy":"post_tag","embeddable":true,"href":"https:\/\/kalendarz.su\/index.php?rest_route=%2Fwp%2Fv2%2Ftags&post=4157"}],"curies":[{"name":"wp","href":"https:\/\/api.w.org\/{rel}","templated":true}]}}